{"id":84,"date":"2026-04-28T11:43:13","date_gmt":"2026-04-28T09:43:13","guid":{"rendered":"https:\/\/sanktlukas.se\/alingsas\/?post_type=news&#038;p=84"},"modified":"2026-04-28T12:03:44","modified_gmt":"2026-04-28T10:03:44","slug":"vi-flyttar","status":"publish","type":"news","link":"https:\/\/sanktlukas.se\/alingsas\/nyheter\/vi-flyttar\/","title":{"rendered":"Vi flyttar 1 juni 2026!"},"content":{"rendered":"\n<div class=\"wp-block-media-text is-stacked-on-mobile\"><figure class=\"wp-block-media-text__media\"><img loading=\"lazy\" decoding=\"async\" width=\"407\" height=\"240\" src=\"https:\/\/sanktlukas.se\/alingsas\/wp-content\/uploads\/sites\/2\/Karta-Kunggatan-10A-441-30-Alingsas-1.png\" alt=\"\" class=\"wp-image-663 size-full\"\/><\/figure><div class=\"wp-block-media-text__content\">\n<h2 class=\"wp-block-sanktlukas-genericheading headline headline--medium medium-green\">Vi flyttar 1 juni 2026<\/h2>\n\n\n\n<h3 class=\"wp-block-sanktlukas-genericheading headline headline--small medium-green\">\u00c4ntligen v\u00e5ra nya lokaler snart f\u00e4rdiga!<\/h3>\n\n\n\n<div class=\"wp-block-sanktlukas-generictextblock textblock textblock--undefined\">Den 1 juni flyttar vi till nya fina lokaler mitt i centrala Alings\u00e5s som \u00e4r b\u00e4ttre anpassade f\u00f6r v\u00e5r verksamhet och f\u00f6r er bes\u00f6kare. Vi v\u00e4lkomnar er till v\u00e5r nya mottagning fr\u00e5n den 2 juni 2026.<br><br>V\u00e5r nya adress blir Kungsgatan 10 A, 441 30 Alings\u00e5s.<br><br>Ni hittar oss mitt i stan, mellan kyrkan och kommunhuset.<br>Parkering finns vid torget.<br><br>Varmt v\u00e4lkomna!<br><\/div>\n<\/div><\/div>\n","protected":false},"featured_media":661,"template":"","class_list":["post-84","news","type-news","status-publish","has-post-thumbnail","hentry"],"acf":[],"_links":{"self":[{"href":"https:\/\/sanktlukas.se\/alingsas\/wp-json\/wp\/v2\/news\/84","targetHints":{"allow":["GET"]}}],"collection":[{"href":"https:\/\/sanktlukas.se\/alingsas\/wp-json\/wp\/v2\/news"}],"about":[{"href":"https:\/\/sanktlukas.se\/alingsas\/wp-json\/wp\/v2\/types\/news"}],"wp:featuredmedia":[{"embeddable":true,"href":"https:\/\/sanktlukas.se\/alingsas\/wp-json\/wp\/v2\/media\/661"}],"wp:attachment":[{"href":"https:\/\/sanktlukas.se\/alingsas\/wp-json\/wp\/v2\/media?parent=84"}],"curies":[{"name":"wp","href":"https:\/\/api.w.org\/{rel}","templated":true}]}}