{"id":506,"date":"2025-11-26T10:01:44","date_gmt":"2025-11-26T09:01:44","guid":{"rendered":"https:\/\/sanktlukas.se\/malmo\/?post_type=news&#038;p=506"},"modified":"2025-11-26T10:03:40","modified_gmt":"2025-11-26T09:03:40","slug":"chefshandledning","status":"publish","type":"news","link":"https:\/\/sanktlukas.se\/malmo\/nyheter\/chefshandledning\/","title":{"rendered":"Chefshandledning"},"content":{"rendered":"\n<p><strong>Chefshandledning<\/strong><\/p>\n\n\n\n<p>Vi erbjuder chefsst\u00f6d och chefshandledning inom privat och offentlig verksamhet.<\/p>\n\n\n\n<p>V\u00e5ra legitimerade psykoterapeuter, psykologer samt auktoriserade handledare hj\u00e4lper individer i ledande befattningar att b\u00e4ttre f\u00f6rst\u00e5 och hantera sina egna s\u00e5v\u00e4l som sina arbetsgruppers utmaningar. Detta \u00e4r f\u00f6r dig som chef och ledare som st\u00f6ter p\u00e5 problem som visar sig sv\u00e5ra att komma f\u00f6rbi, som \u00f6nskar utveckla sitt ledarskap och skapa de b\u00e4sta f\u00f6ruts\u00e4ttningarna f\u00f6r utveckling, l\u00e4rande och samarbete.<\/p>\n\n\n\n<p>H\u00f6r av dig f\u00f6r mer information.<\/p>\n\n\n\n<p><a href=\"mailto:peter.conradi@sanktlukas.se\">peter.conradi@sanktlukas.se<\/a> <\/p>\n","protected":false},"featured_media":508,"template":"","class_list":["post-506","news","type-news","status-publish","has-post-thumbnail","hentry"],"acf":[],"_links":{"self":[{"href":"https:\/\/sanktlukas.se\/malmo\/wp-json\/wp\/v2\/news\/506","targetHints":{"allow":["GET"]}}],"collection":[{"href":"https:\/\/sanktlukas.se\/malmo\/wp-json\/wp\/v2\/news"}],"about":[{"href":"https:\/\/sanktlukas.se\/malmo\/wp-json\/wp\/v2\/types\/news"}],"wp:featuredmedia":[{"embeddable":true,"href":"https:\/\/sanktlukas.se\/malmo\/wp-json\/wp\/v2\/media\/508"}],"wp:attachment":[{"href":"https:\/\/sanktlukas.se\/malmo\/wp-json\/wp\/v2\/media?parent=506"}],"curies":[{"name":"wp","href":"https:\/\/api.w.org\/{rel}","templated":true}]}}