{"id":465,"date":"2026-02-01T16:53:37","date_gmt":"2026-02-01T15:53:37","guid":{"rendered":"https:\/\/sanktlukas.se\/norrkoping\/?post_type=news&#038;p=465"},"modified":"2026-03-01T22:12:22","modified_gmt":"2026-03-01T21:12:22","slug":"ny-verksamhetschef","status":"publish","type":"news","link":"https:\/\/sanktlukas.se\/norrkoping\/nyheter\/ny-verksamhetschef\/","title":{"rendered":"Ny Verksamhetschef"},"content":{"rendered":"\n<p><\/p>\n\n\n\n<p>Ny Verksamhetschef f\u00f6r St Lukas i \u00d6sterg\u00f6tland (mottagningarna i Norrk\u00f6ping och Link\u00f6ping)<\/p>\n\n\n\n<p>S\u00e5 roligt att f\u00e5 b\u00f6rja jobba inom St Lukas i \u00d6sterg\u00f6tland ! Jag tilltr\u00e4dde mitt nya uppdrag 7\/1 2026! Jag k\u00e4nner mig s\u00e5 v\u00e4l emottagen och fortfarande ny p\u00e5 jobbet.<\/p>\n\n\n\n<p>Vem \u00e4r jag? Jag \u00e4r psykiater sen m\u00e5nga \u00e5r.  Och jobbat inom olika delar av psykiatrin och sjukv\u00e5rden. F\u00f6dd och uppvuxen i \u00d6sterg\u00f6tland p\u00e5 ett lantbruk. Jag bor p\u00e5 mitt f\u00f6r\u00e4ldrahem och min man driver lantbruk. Vi har vuxna barn och vi har gl\u00e4djen att f\u00e5 ha barnbarn som vi f\u00e5r l\u00e4ra k\u00e4nna.<\/p>\n\n\n\n<p>Under min yrkesbana har jag jobbat inom flera regioner\/landsting och b\u00e5de som psykiater och \u00e4ven som chef  i region drivna verksamheter.<\/p>\n\n\n\n<p>Nu ser jag med sp\u00e4nning .f\u00f6rv\u00e4ntan men ocks\u00e5 mycket \u00f6dmjukhet framemot den fortsatta resen som jag nu g\u00f6r ihop med St Lukas i \u00d6sterg\u00f6tland.<\/p>\n\n\n\n<p>Jag vill verkligen att vi dels forts\u00e4tter resan med som jag ser det &#8221; det l\u00e4kande samtalet&#8221; . Jag delar verkligen St Lukas vision och tankar om samtalet och att vi har samtalet i fokus. \u00c4r s\u00e5 glad att vi kan erbjuda samtal med erfarna och kunniga psykoterapeuter med lite olika inriktning , utbildning  och olika bakgrunder inom sitt yrkesliv och olika personliga kompetenser.<\/p>\n\n\n\n<p>Vi har vidare en f\u00f6reningsverksamhet med exempelvis  Existentiellt forum i b\u00e5de Norrk\u00f6ping, S\u00f6derk\u00f6ping och Link\u00f6ping. \u00c4ven andra mera enstaka f\u00f6rel\u00e4sningar  kring n\u00e5got viktigt  \u00e4mne.<\/p>\n\n\n\n<p>Jag \u00e4r mycket glad \u00f6ver att f\u00e5 f\u00f6rtroendet att leda St Lukas vidare ihop med styrelsen och  medarbetarna. Tack f\u00f6r att jag f\u00e5tt m\u00f6jligheten!<\/p>\n\n\n\n<p>Ser framemot att m\u00f6ta er som l\u00e4ser detta p\u00e5 olika s\u00e4tt: kanske att du kommer till oss f\u00f6r samtal, handledning eller lyssnar p\u00e5 f\u00f6rel\u00e4sning, \u00e4r med i existentiellt forum, \u00e4r  med i f\u00f6reningen eller p\u00e5 andra s\u00e4tt . <\/p>\n\n\n\n<p>H\u00f6r av dig om du undrar \u00f6ver n\u00e5got n\u00e4r det g\u00e4ller St Lukas eller vad vi kan erbjuda? Eller om du har id\u00e9er om vad vi borde erbjuda oavsett om det g\u00e4ller mera behandlings\u00e5tg\u00e4rder\/handledning eller mera f\u00f6reningsverksamhet.<\/p>\n\n\n\n<p>Ha en fin v\u00e5rtermin!<\/p>\n\n\n\n<p>med v\u00e4nlig h\u00e4lsning Christina Karlsson Verksamhetschef<\/p>\n\n\n\n<figure class=\"wp-block-image size-full\"><a href=\"https:\/\/sanktlukas.se\/norrkoping\/wp-content\/uploads\/sites\/28\/1EE48EBB-F64E-45D4-9672-93342AAA30DD-3-rotated.jpg\"><img loading=\"lazy\" decoding=\"async\" width=\"240\" height=\"320\" src=\"https:\/\/sanktlukas.se\/norrkoping\/wp-content\/uploads\/sites\/28\/1EE48EBB-F64E-45D4-9672-93342AAA30DD-3-rotated.jpg\" alt=\"\" class=\"wp-image-469\" \/><\/a><\/figure>\n\n\n\n<p><\/p>\n","protected":false},"featured_media":469,"template":"","class_list":["post-465","news","type-news","status-publish","has-post-thumbnail","hentry"],"acf":[],"_links":{"self":[{"href":"https:\/\/sanktlukas.se\/norrkoping\/wp-json\/wp\/v2\/news\/465","targetHints":{"allow":["GET"]}}],"collection":[{"href":"https:\/\/sanktlukas.se\/norrkoping\/wp-json\/wp\/v2\/news"}],"about":[{"href":"https:\/\/sanktlukas.se\/norrkoping\/wp-json\/wp\/v2\/types\/news"}],"wp:featuredmedia":[{"embeddable":true,"href":"https:\/\/sanktlukas.se\/norrkoping\/wp-json\/wp\/v2\/media\/469"}],"wp:attachment":[{"href":"https:\/\/sanktlukas.se\/norrkoping\/wp-json\/wp\/v2\/media?parent=465"}],"curies":[{"name":"wp","href":"https:\/\/api.w.org\/{rel}","templated":true}]}}