{"id":121,"date":"2015-05-22T18:47:02","date_gmt":"2015-05-22T16:47:02","guid":{"rendered":"https:\/\/sanktlukas.se\/uppsala\/?p=121"},"modified":"2016-06-26T18:47:58","modified_gmt":"2016-06-26T16:47:58","slug":"vem-ska-hjalpa-hjalparen","status":"publish","type":"post","link":"https:\/\/sanktlukas.se\/uppsala\/vem-ska-hjalpa-hjalparen\/","title":{"rendered":"Vem ska hj\u00e4lpa hj\u00e4lparen?"},"content":{"rendered":"<p dir=\"LTR\" align=\"LEFT\">Alltf\u00f6r f\u00e5 utbildningar inom det m\u00e4nniskov\u00e5rdande omr\u00e5det ger svar p\u00e5 den fr\u00e5gan. Vi som arbetar n\u00e4ra m\u00e4nniskor med mycket lidande i sina liv l\u00f6per en \u00f6kad risk att \u00e4ven sj\u00e4lva \u00f6verv\u00e4ldigas. Personer verksamma inom detta omr\u00e5de, som psykologer, socionomer, pr\u00e4ster, behandlingsassistenter och m\u00e5nga fler, har bland de h\u00f6gsta sjukskrivningstalen i landet av psykiska orsaker. Ofta blir vi v\u00e5ra egna fiender i dessa sv\u00e5ra stunder: vi tar inte hand om v\u00e5r egen sm\u00e4rta utan jagar oss med \u00f6kade krav och orimliga f\u00f6rv\u00e4ntningar p\u00e5 oss sj\u00e4lva och vad vi ska \u00e5stadkomma. Sj\u00e4lvmedk\u00e4nsla har i ett flertal studier visat sig vara ett av de kraftfullaste motmedlen mot den stress, skam och \u00e5ngest vi riskerar att hamna i. P\u00e5 St Lukas i Uppsala erbjuder vi nu ett tr\u00e4ningsprogram i sj\u00e4lvmedk\u00e4nsla, riktad till just yrkespersoner inom v\u00e5rd och behandling. Programmet har i en f\u00e4rsk studie visat sig \u00f6ka sj\u00e4lvmedk\u00e4nsla och minska sj\u00e4lvkritik, och det \u00e4r v\u00e5r varma f\u00f6rhoppning att med denna kurs bidra med en del i en &#8221;h\u00e5llbar utveckling&#8221; f\u00f6r alla oss som vill dela andras sm\u00e4rta och bidra till deras positiva utveckling. Det \u00e4r dags att hj\u00e4lpa hj\u00e4lparen.<\/p>\n<p dir=\"LTR\" align=\"LEFT\">L\u00e4s mer om kursen h\u00e4r:\u00a0 <a href=\"https:\/\/www.sanktlukas.se\/Uppsala\/aktuellt\">https:\/\/www.sanktlukas.se\/Uppsala\/aktuellt<\/a><\/p>\n<p>Katja Bergsten, leg.psykolog, leg.psykoterapeut<br \/>\n22 maj 2015<\/p>\n","protected":false},"excerpt":{"rendered":"<p>Alltf\u00f6r f\u00e5 utbildningar inom det m\u00e4nniskov\u00e5rdande omr\u00e5det ger svar p\u00e5 den fr\u00e5gan. Vi som arbetar n\u00e4ra m\u00e4nniskor med mycket lidande i sina liv l\u00f6per en \u00f6kad risk att \u00e4ven sj\u00e4lva \u00f6verv\u00e4ldigas. Personer verksamma inom detta omr\u00e5de, som psykologer, socionomer, pr\u00e4ster, behandlingsassistenter och m\u00e5nga fler, har bland de h\u00f6gsta sjukskrivningstalen i landet av psykiska orsaker. Ofta [&hellip;]<\/p>\n","protected":false},"author":3,"featured_media":0,"comment_status":"closed","ping_status":"closed","sticky":false,"template":"","format":"standard","meta":{"_acf_changed":false,"footnotes":""},"categories":[4],"tags":[5],"class_list":["post-121","post","type-post","status-publish","format-standard","hentry","category-blogg","tag-st-lukas-uppsala"],"acf":[],"_links":{"self":[{"href":"https:\/\/sanktlukas.se\/uppsala\/wp-json\/wp\/v2\/posts\/121","targetHints":{"allow":["GET"]}}],"collection":[{"href":"https:\/\/sanktlukas.se\/uppsala\/wp-json\/wp\/v2\/posts"}],"about":[{"href":"https:\/\/sanktlukas.se\/uppsala\/wp-json\/wp\/v2\/types\/post"}],"author":[{"embeddable":true,"href":"https:\/\/sanktlukas.se\/uppsala\/wp-json\/wp\/v2\/users\/3"}],"replies":[{"embeddable":true,"href":"https:\/\/sanktlukas.se\/uppsala\/wp-json\/wp\/v2\/comments?post=121"}],"version-history":[{"count":1,"href":"https:\/\/sanktlukas.se\/uppsala\/wp-json\/wp\/v2\/posts\/121\/revisions"}],"predecessor-version":[{"id":122,"href":"https:\/\/sanktlukas.se\/uppsala\/wp-json\/wp\/v2\/posts\/121\/revisions\/122"}],"wp:attachment":[{"href":"https:\/\/sanktlukas.se\/uppsala\/wp-json\/wp\/v2\/media?parent=121"}],"wp:term":[{"taxonomy":"category","embeddable":true,"href":"https:\/\/sanktlukas.se\/uppsala\/wp-json\/wp\/v2\/categories?post=121"},{"taxonomy":"post_tag","embeddable":true,"href":"https:\/\/sanktlukas.se\/uppsala\/wp-json\/wp\/v2\/tags?post=121"}],"curies":[{"name":"wp","href":"https:\/\/api.w.org\/{rel}","templated":true}]}}